{"id":321,"date":"2019-06-24T15:04:47","date_gmt":"2019-06-24T13:04:47","guid":{"rendered":"http:\/\/mss.apps.math.cnrs.fr\/?p=321"},"modified":"2026-08-31T15:46:22","modified_gmt":"2026-08-31T13:46:22","slug":"reunions-de-rentree","status":"publish","type":"post","link":"https:\/\/uf-mi.u-bordeaux.fr\/MSS\/reunions-de-rentree\/","title":{"rendered":"R\u00e9unions de rentr\u00e9e 2026"},"content":{"rendered":"\n<p class=\"wp-block-paragraph\">La r\u00e9union de rentr\u00e9e des \u00e9tudiants en&nbsp;<strong>M2 MAS-Parcours MSS<\/strong>&nbsp;aura lieu le&nbsp;<strong>Mardi 1er septembre 2026 \u00e0 11h00, b\u00e2timent A29, salle 001 <\/strong><\/p>\n\n\n\n<p class=\"wp-block-paragraph\">La r\u00e9union de rentr\u00e9e des \u00e9tudiants en\u00a0<strong>M1 MAS-parcours MSS<\/strong>\u00a0 aura lieu le\u00a0<strong>Mardi 1er septembre 2026 \u00e0 10h00<\/strong><strong>, b\u00e2timent A29, salle 00<\/strong>1<\/p>\n\n\n\n<p class=\"wp-block-paragraph\"><a href=\"https:\/\/uf-mi.u-bordeaux.fr\/MSS\/wp-content\/uploads\/2026\/08\/Doc-reunion-de-rentree-master-MAS_26_27.pdf\" target=\"_blank\" rel=\"noopener\">Memento de rentr\u00e9e<\/a><\/p>\n\n\n\n<p class=\"wp-block-paragraph\">Transparents <a href=\"https:\/\/uf-mi.u-bordeaux.fr\/MSS\/wp-content\/uploads\/2026\/08\/presentationsMSSM1.pdf\">r\u00e9union M1<\/a>, <a href=\"https:\/\/uf-mi.u-bordeaux.fr\/MSS\/wp-content\/uploads\/2026\/08\/presentationsMSSM2.pdf\">r\u00e9union M2<\/a><\/p>\n\n\n\n<p class=\"wp-block-paragraph\"><\/p>\n\n\n\n<p class=\"wp-block-paragraph\"><\/p>\n","protected":false},"excerpt":{"rendered":"<p>La r\u00e9union de rentr\u00e9e des \u00e9tudiants en&nbsp;M2 MAS-Parcours MSS&nbsp;aura lieu le&nbsp;Mardi 1er septembre 2026 \u00e0 11h00, b\u00e2timent A29, salle 001 La r\u00e9union de rentr\u00e9e des \u00e9tudiants en\u00a0M1 MAS-parcours MSS\u00a0 aura lieu le\u00a0Mardi 1er septembre 2026 \u00e0 10h00, b\u00e2timent A29, salle 001 Memento de rentr\u00e9e Transparents r\u00e9union M1, r\u00e9union M2<\/p>\n","protected":false},"author":2,"featured_media":0,"comment_status":"closed","ping_status":"closed","sticky":false,"template":"","format":"standard","meta":{"footnotes":""},"categories":[1],"tags":[],"class_list":["post-321","post","type-post","status-publish","format-standard","hentry","category-actualites"],"_links":{"self":[{"href":"https:\/\/uf-mi.u-bordeaux.fr\/MSS\/wp-json\/wp\/v2\/posts\/321","targetHints":{"allow":["GET"]}}],"collection":[{"href":"https:\/\/uf-mi.u-bordeaux.fr\/MSS\/wp-json\/wp\/v2\/posts"}],"about":[{"href":"https:\/\/uf-mi.u-bordeaux.fr\/MSS\/wp-json\/wp\/v2\/types\/post"}],"author":[{"embeddable":true,"href":"https:\/\/uf-mi.u-bordeaux.fr\/MSS\/wp-json\/wp\/v2\/users\/2"}],"replies":[{"embeddable":true,"href":"https:\/\/uf-mi.u-bordeaux.fr\/MSS\/wp-json\/wp\/v2\/comments?post=321"}],"version-history":[{"count":38,"href":"https:\/\/uf-mi.u-bordeaux.fr\/MSS\/wp-json\/wp\/v2\/posts\/321\/revisions"}],"predecessor-version":[{"id":1341,"href":"https:\/\/uf-mi.u-bordeaux.fr\/MSS\/wp-json\/wp\/v2\/posts\/321\/revisions\/1341"}],"wp:attachment":[{"href":"https:\/\/uf-mi.u-bordeaux.fr\/MSS\/wp-json\/wp\/v2\/media?parent=321"}],"wp:term":[{"taxonomy":"category","embeddable":true,"href":"https:\/\/uf-mi.u-bordeaux.fr\/MSS\/wp-json\/wp\/v2\/categories?post=321"},{"taxonomy":"post_tag","embeddable":true,"href":"https:\/\/uf-mi.u-bordeaux.fr\/MSS\/wp-json\/wp\/v2\/tags?post=321"}],"curies":[{"name":"wp","href":"https:\/\/api.w.org\/{rel}","templated":true}]}}